{"id":253,"date":"2025-05-01T14:29:19","date_gmt":"2025-05-01T17:29:19","guid":{"rendered":"https:\/\/worksafe.rgdev.ca\/?p=253"},"modified":"2025-10-11T01:46:31","modified_gmt":"2025-10-11T04:46:31","slug":"social-intelligence","status":"publish","type":"post","link":"https:\/\/worksafe.rgdev.ca\/fr\/social-intelligence\/","title":{"rendered":"Intelligence sociale"},"content":{"rendered":"<p><div class=\"fusion-fullwidth fullwidth-box fusion-builder-row-1 fusion-flex-container has-pattern-background has-mask-background nonhundred-percent-fullwidth non-hundred-percent-height-scrolling\" style=\"--awb-border-radius-top-left:0px;--awb-border-radius-top-right:0px;--awb-border-radius-bottom-right:0px;--awb-border-radius-bottom-left:0px;--awb-padding-top:50px;--awb-padding-bottom:50px;--awb-flex-wrap:wrap;\" ><div class=\"fusion-builder-row fusion-row fusion-flex-align-items-flex-start fusion-flex-content-wrap\" style=\"max-width:1664px;margin-left: calc(-4% \/ 2 );margin-right: calc(-4% \/ 2 );\"><div class=\"fusion-layout-column fusion_builder_column fusion-builder-column-0 fusion_builder_column_1_1 1_1 fusion-flex-column\" style=\"--awb-bg-size:cover;--awb-width-large:100%;--awb-margin-top-large:0px;--awb-spacing-right-large:1.92%;--awb-margin-bottom-large:0px;--awb-spacing-left-large:1.92%;--awb-width-medium:100%;--awb-order-medium:0;--awb-spacing-right-medium:1.92%;--awb-spacing-left-medium:1.92%;--awb-width-small:100%;--awb-order-small:0;--awb-spacing-right-small:1.92%;--awb-spacing-left-small:1.92%;\"><div class=\"fusion-column-wrapper fusion-column-has-shadow fusion-flex-justify-content-flex-start fusion-content-layout-column\"><div class=\"fusion-title title fusion-title-1 fusion-sep-none fusion-title-text fusion-title-size-three\" style=\"--awb-text-color:#000000;--awb-margin-bottom:30px;\"><h3 class=\"fusion-title-heading title-heading-left\" style=\"margin:0;\">Aper\u00e7u<\/h3><\/div><div class=\"fusion-text fusion-text-1\"><p><strong>Qu\u2019est-ce que l\u2019intelligence sociale?<\/strong><\/p>\n<p>L\u2019intelligence sociale est un mod\u00e8le \u00e0 suivre et un facteur favorisant des interactions psychologiquement s\u00e9curitaires parmi toutes les personnes au lieu de travail, y compris avec les personnes marginalis\u00e9es ou vuln\u00e9rables.<\/p>\n<\/div><\/div><\/div><\/div><\/div><div class=\"fusion-fullwidth fullwidth-box fusion-builder-row-2 fusion-flex-container has-pattern-background has-mask-background nonhundred-percent-fullwidth non-hundred-percent-height-scrolling\" style=\"--awb-border-radius-top-left:0px;--awb-border-radius-top-right:0px;--awb-border-radius-bottom-right:0px;--awb-border-radius-bottom-left:0px;--awb-padding-top:50px;--awb-padding-bottom:50px;--awb-background-color:#afc0d0;--awb-flex-wrap:wrap;\" ><div class=\"fusion-builder-row fusion-row fusion-flex-align-items-flex-start fusion-flex-content-wrap\" style=\"max-width:1664px;margin-left: calc(-4% \/ 2 );margin-right: calc(-4% \/ 2 );\"><div class=\"fusion-layout-column fusion_builder_column fusion-builder-column-1 fusion_builder_column_1_1 1_1 fusion-flex-column fusion-flex-align-self-center\" style=\"--awb-bg-size:cover;--awb-width-large:100%;--awb-margin-top-large:0px;--awb-spacing-right-large:1.92%;--awb-margin-bottom-large:0px;--awb-spacing-left-large:1.92%;--awb-width-medium:100%;--awb-order-medium:0;--awb-spacing-right-medium:1.92%;--awb-spacing-left-medium:1.92%;--awb-width-small:100%;--awb-order-small:0;--awb-spacing-right-small:1.92%;--awb-spacing-left-small:1.92%;\" data-scroll-devices=\"small-visibility,medium-visibility,large-visibility\"><div class=\"fusion-column-wrapper fusion-column-has-shadow fusion-flex-justify-content-center fusion-content-layout-column\"><div class=\"fusion-text fusion-text-2\"><p><strong>Comment l\u2019intelligence sociale contribue-t-elle \u00e0 un leadership psychologiquement responsable?<\/strong><\/p>\n<p>Il est important de bien former les gestionnaires en mati\u00e8re d\u2019intelligence sociale. En voici les nombreux avantages\u00a0:<\/p>\n<ul>\n<li>Lorsqu\u2019ils sont bien trait\u00e9s et g\u00e9r\u00e9s, les difficult\u00e9s et les facteurs de stress li\u00e9s au travail n\u2019entra\u00eenent pas n\u00e9cessairement des absences du travail.<\/li>\n<li>Les travailleurs qui pr\u00e9sentent des probl\u00e8mes de sant\u00e9 mentale demanderont de l\u2019aide plus t\u00f4t.<\/li>\n<li>Les travailleurs seront plus susceptibles de traiter leurs coll\u00e8gues et leurs clients avec respect.<\/li>\n<li>La productivit\u00e9 peut \u00eatre maintenue ou m\u00eame s\u2019am\u00e9liorer en p\u00e9riode de forte demande.<\/li>\n<li>L\u2019engagement et la satisfaction des travailleurs augmentent.<\/li>\n<\/ul>\n<\/div><\/div><\/div><\/div><\/div><div class=\"fusion-fullwidth fullwidth-box fusion-builder-row-3 fusion-flex-container has-pattern-background has-mask-background nonhundred-percent-fullwidth non-hundred-percent-height-scrolling\" style=\"--awb-border-radius-top-left:0px;--awb-border-radius-top-right:0px;--awb-border-radius-bottom-right:0px;--awb-border-radius-bottom-left:0px;--awb-padding-top:50px;--awb-padding-bottom:50px;--awb-background-color:var(--awb-color1);--awb-flex-wrap:wrap;\" ><div class=\"fusion-builder-row fusion-row fusion-flex-align-items-flex-start fusion-flex-content-wrap\" style=\"max-width:1664px;margin-left: calc(-4% \/ 2 );margin-right: calc(-4% \/ 2 );\"><div class=\"fusion-layout-column fusion_builder_column fusion-builder-column-2 fusion_builder_column_1_1 1_1 fusion-flex-column\" style=\"--awb-bg-size:cover;--awb-width-large:100%;--awb-margin-top-large:0px;--awb-spacing-right-large:1.92%;--awb-margin-bottom-large:0px;--awb-spacing-left-large:1.92%;--awb-width-medium:100%;--awb-order-medium:0;--awb-spacing-right-medium:1.92%;--awb-spacing-left-medium:1.92%;--awb-width-small:100%;--awb-order-small:0;--awb-spacing-right-small:1.92%;--awb-spacing-left-small:1.92%;\"><div class=\"fusion-column-wrapper fusion-column-has-shadow fusion-flex-justify-content-flex-start fusion-content-layout-column\"><div class=\"fusion-title title fusion-title-2 fusion-sep-none fusion-title-text fusion-title-size-three\" style=\"--awb-text-color:#000000;--awb-margin-bottom:30px;\"><h3 class=\"fusion-title-heading title-heading-left\" style=\"margin:0;\">Questions fr\u00e9quemment pos\u00e9es<\/h3><\/div><div class=\"accordian fusion-accordian\" style=\"--awb-padding-top:10px;--awb-padding-bottom:10px;--awb-border-size:1px;--awb-icon-size:16px;--awb-content-font-size:var(--awb-typography4-font-size);--awb-icon-alignment:right;--awb-hover-color:var(--awb-color2);--awb-border-color:var(--awb-color3);--awb-background-color:var(--awb-color1);--awb-divider-color:var(--awb-color4);--awb-divider-hover-color:var(--awb-color3);--awb-icon-color:#000000;--awb-title-color:#000000;--awb-content-color:#000000;--awb-icon-box-color:#000000;--awb-toggle-hover-accent-color:#000000;--awb-title-font-family:var(--awb-typography1-font-family);--awb-title-font-weight:var(--awb-typography1-font-weight);--awb-title-font-style:var(--awb-typography1-font-style);--awb-title-font-size:18px;--awb-title-line-height:21px;--awb-content-font-family:var(--awb-typography4-font-family);--awb-content-font-weight:var(--awb-typography4-font-weight);--awb-content-font-style:var(--awb-typography4-font-style);\"><div class=\"panel-group fusion-toggle-icon-right fusion-toggle-icon-unboxed\" id=\"accordion-253-1\"><div class=\"fusion-panel panel-default panel-aa11cfb8cfa2af46e fusion-toggle-has-divider\" style=\"--awb-title-color:#000000;\"><div class=\"panel-heading\"><h4 class=\"panel-title toggle\" id=\"toggle_aa11cfb8cfa2af46e\"><a aria-expanded=\"false\" aria-controls=\"aa11cfb8cfa2af46e\" role=\"button\" data-toggle=\"collapse\" data-target=\"#aa11cfb8cfa2af46e\" href=\"#aa11cfb8cfa2af46e\"><span class=\"fusion-toggle-icon-wrapper\" aria-hidden=\"true\"><i class=\"fa-fusion-box active-icon awb-icon-minus\" aria-hidden=\"true\"><\/i><i class=\"fa-fusion-box inactive-icon awb-icon-plus\" aria-hidden=\"true\"><\/i><\/span><span class=\"fusion-toggle-heading\">Que faire lorsqu\u2019un travailleur m\u2019avise qu\u2019il a des probl\u00e8mes de sant\u00e9 mentale?<\/span><\/a><\/h4><\/div><div id=\"aa11cfb8cfa2af46e\" class=\"panel-collapse collapse\" aria-labelledby=\"toggle_aa11cfb8cfa2af46e\"><div class=\"panel-body toggle-content fusion-clearfix\">\n<ul>\n<li>\u00c9coutez-le, sans l\u2019interrompre. Remerciez-le de vous faire confiance et rappelez-lui qu\u2019il n\u2019est pas seul. Pr\u00e9servez la confidentialit\u00e9 des renseignements qu\u2019il vous a communiqu\u00e9s. Si vous devez diffuser des renseignements (par exemple, dans le cas d\u2019une personne occupant un emploi o\u00f9 il y a un risque pour la s\u00e9curit\u00e9), indiquez-lui ce que vous communiquerez, avec qui et pourquoi.<\/li>\n<li>Demandez au travailleur comment vous pouvez l\u2019aider et quels sont ses besoins imm\u00e9diats\u00a0\u2013\u00a0au travail et sur le plan personnel suivant le cas.<\/li>\n<li>Veillez \u00e0 conna\u00eetre les ressources en sant\u00e9 mentale disponibles \u00e0 votre lieu de travail, ainsi que le soutien communautaire externe. Communiquez ces renseignements au travailleur.<\/li>\n<li>Effectuez des v\u00e9rifications p\u00e9riodiques aupr\u00e8s des travailleurs en question.<\/li>\n<\/ul>\n<\/div><\/div><\/div><div class=\"fusion-panel panel-default panel-52cec2f3e3fd10c7e fusion-toggle-has-divider\" style=\"--awb-title-color:#000000;\"><div class=\"panel-heading\"><h4 class=\"panel-title toggle\" id=\"toggle_52cec2f3e3fd10c7e\"><a aria-expanded=\"false\" aria-controls=\"52cec2f3e3fd10c7e\" role=\"button\" data-toggle=\"collapse\" data-target=\"#52cec2f3e3fd10c7e\" href=\"#52cec2f3e3fd10c7e\"><span class=\"fusion-toggle-icon-wrapper\" aria-hidden=\"true\"><i class=\"fa-fusion-box active-icon awb-icon-minus\" aria-hidden=\"true\"><\/i><i class=\"fa-fusion-box inactive-icon awb-icon-plus\" aria-hidden=\"true\"><\/i><\/span><span class=\"fusion-toggle-heading\">Lorsque quelqu\u2019un me fait part de ses pr\u00e9occupations sur le plan \u00e9motionnel ou personnel, je ne sais pas quoi dire et je ne veux pas que les choses empirent. Que puis-je dire?<\/span><\/a><\/h4><\/div><div id=\"52cec2f3e3fd10c7e\" class=\"panel-collapse collapse\" aria-labelledby=\"toggle_52cec2f3e3fd10c7e\"><div class=\"panel-body toggle-content fusion-clearfix\">\n<ul>\n<li>Utilisez des termes polis, qui expriment gentillesse et respect. Cependant, lorsque l\u2019on soutient une personne en d\u00e9tresse, la communication non verbale est souvent beaucoup plus importante que les mots. <a href=\"https:\/\/www.strategiesdesantementale.com\/ressources\/la-conscience-du-langage-corporel\" target=\"_blank\" rel=\"noopener\">Apprenez-en plus sur la communication verbale et non verbale efficace<\/a>.<\/li>\n<li>Pensez aux moments o\u00f9 vous avez \u00e9t\u00e9 en d\u00e9tresse et vous vous \u00eates senti soutenu par une autre personne. Les \u00ab\u00a0mots justes\u00a0\u00bb des autres sont rarement l\u2019aide la plus utile. C\u2019est plut\u00f4t la pr\u00e9sence d\u2019une personne \u00e0 vos c\u00f4t\u00e9s, qui vous \u00e9coute attentivement, qui fait preuve d\u2019empathie et qui ne vous juge pas ou n\u2019\u00e9met pas de supposition qui se r\u00e9v\u00e8le la plus pr\u00e9cieuse.<\/li>\n<li>Demandez directement \u00e0 la personne ce que vous pouvez faire, et comment vous pouvez l\u2019aider et la soutenir.<\/li>\n<li>Il existe de nombreuses ressources utiles sur les soins qui tiennent compte des traumatismes. Envisagez de participer \u00e0 un webinaire ou \u00e0 une courte s\u00e9ance de formation pour mieux vous pr\u00e9parer (comme <a href=\"https:\/\/ctrinstitute.com\/topic\/trauma-informed-care\/\" target=\"_blank\" rel=\"noopener\">Trauma-Informed Care Training and Workshops (en anglais seulement) du Crisis &amp; Trauma Resource Institute<\/a>).<\/li>\n<\/ul>\n<\/div><\/div><\/div><div class=\"fusion-panel panel-default panel-13f4b5971d47da981 fusion-toggle-has-divider\" style=\"--awb-title-color:#000000;\"><div class=\"panel-heading\"><h4 class=\"panel-title toggle\" id=\"toggle_13f4b5971d47da981\"><a aria-expanded=\"false\" aria-controls=\"13f4b5971d47da981\" role=\"button\" data-toggle=\"collapse\" data-target=\"#13f4b5971d47da981\" href=\"#13f4b5971d47da981\"><span class=\"fusion-toggle-icon-wrapper\" aria-hidden=\"true\"><i class=\"fa-fusion-box active-icon awb-icon-minus\" aria-hidden=\"true\"><\/i><i class=\"fa-fusion-box inactive-icon awb-icon-plus\" aria-hidden=\"true\"><\/i><\/span><span class=\"fusion-toggle-heading\">Lorsqu\u2019une personne est en d\u00e9tresse sur le plan \u00e9motionnel, mes \u00e9motions s\u2019intensifient. Comment mieux g\u00e9rer mes propres r\u00e9actions \u00e9motionnelles?<\/span><\/a><\/h4><\/div><div id=\"13f4b5971d47da981\" class=\"panel-collapse collapse\" aria-labelledby=\"toggle_13f4b5971d47da981\"><div class=\"panel-body toggle-content fusion-clearfix\">\n<ul>\n<li>Lorsqu\u2019une personne est en d\u00e9tresse, il est normal et naturel, pour beaucoup d\u2019entre nous, de se sentir boulevers\u00e9s sur le plan \u00e9motionnel. Cela se produit pour de nombreuses raisons, y compris nos ant\u00e9c\u00e9dents et notre exp\u00e9rience sur le plan des \u00e9motions, ainsi que notre niveau\u00a0de stress. <a href=\"https:\/\/www.strategiesdesantementale.com\/ressources\/comprendre-les-obstacles-personnelsDELETED\" target=\"_blank\" rel=\"noopener\">Apprenez-en plus sur comprendre vos obstacles personnels<\/a>.<\/li>\n<li>Lorsqu\u2019une personne est en d\u00e9tresse, nous nous sentons parfois perturb\u00e9s sur le plan \u00e9motionnel, ce qui peut avoir une influence sur notre capacit\u00e9 \u00e0 bien la soutenir. <a href=\"https:\/\/www.strategiesdesantementale.com\/ressources\/declencheurs-emotionnels\" target=\"_blank\" rel=\"noopener\">Apprenez-en plus sur vos propres d\u00e9clencheurs \u00e9motionnels<\/a>.<\/li>\n<\/ul>\n<\/div><\/div><\/div><\/div><\/div><\/div><\/div><\/div><\/div><div class=\"fusion-fullwidth fullwidth-box fusion-builder-row-4 fusion-flex-container has-pattern-background has-mask-background nonhundred-percent-fullwidth non-hundred-percent-height-scrolling\" style=\"--awb-border-radius-top-left:0px;--awb-border-radius-top-right:0px;--awb-border-radius-bottom-right:0px;--awb-border-radius-bottom-left:0px;--awb-padding-top:50px;--awb-padding-bottom:50px;--awb-background-color:var(--awb-color1);--awb-flex-wrap:wrap;\" ><div class=\"fusion-builder-row fusion-row fusion-flex-align-items-flex-start fusion-flex-content-wrap\" style=\"max-width:1664px;margin-left: calc(-4% \/ 2 );margin-right: calc(-4% \/ 2 );\"><div class=\"fusion-layout-column fusion_builder_column fusion-builder-column-3 fusion_builder_column_1_1 1_1 fusion-flex-column\" style=\"--awb-padding-bottom:35px;--awb-bg-size:cover;--awb-width-large:100%;--awb-margin-top-large:0px;--awb-spacing-right-large:1.92%;--awb-margin-bottom-large:0px;--awb-spacing-left-large:1.92%;--awb-width-medium:100%;--awb-order-medium:0;--awb-spacing-right-medium:1.92%;--awb-spacing-left-medium:1.92%;--awb-width-small:100%;--awb-order-small:0;--awb-spacing-right-small:1.92%;--awb-spacing-left-small:1.92%;\" data-scroll-devices=\"small-visibility,medium-visibility,large-visibility\"><div class=\"fusion-column-wrapper fusion-column-has-shadow fusion-flex-justify-content-flex-start fusion-content-layout-column\"><div class=\"fusion-title title fusion-title-3 fusion-sep-none fusion-title-text fusion-title-size-three\" style=\"--awb-text-color:#000000;--awb-margin-bottom:30px;\"><h3 class=\"fusion-title-heading title-heading-left\" style=\"margin:0;\">Mesures \u00e0 prendre<\/h3><\/div><div class=\"fusion-text fusion-text-3\"><p><strong>Prochaines \u00e9tapes\u00a0: S\u2019engager \u00e0 am\u00e9liorer l\u2019intelligence sociale en tant que leader<\/strong><\/p>\n<\/div><div class=\"fusion-text fusion-text-4\"><p>Nous vous invitons \u00e0 remplir <a href=\"https:\/\/www.leaderpsychologiquementsecuritaire.com\/\" target=\"_blank\" rel=\"noopener\">L'\u00c9valuation du leader psychologiquement s\u00e9curitaire<\/a> pour en apprendre plus sur vos comp\u00e9tences actuelles en leadership en mati\u00e8re d\u2019intelligence sociale. En remplissant cette auto-\u00e9valuation confidentielle, vous d\u00e9terminerez les principaux secteurs \u00e0 am\u00e9liorer pour perfectionner vos comp\u00e9tences en leadership psychologiquement responsable.<\/p>\n<\/div><\/div><\/div><div class=\"fusion-layout-column fusion_builder_column fusion-builder-column-4 fusion_builder_column_1_1 1_1 fusion-flex-column fusion-flex-align-self-stretch\" style=\"--awb-bg-size:cover;--awb-width-large:100%;--awb-margin-top-large:0px;--awb-spacing-right-large:1.92%;--awb-margin-bottom-large:0px;--awb-spacing-left-large:1.92%;--awb-width-medium:100%;--awb-order-medium:0;--awb-spacing-right-medium:1.92%;--awb-spacing-left-medium:1.92%;--awb-width-small:100%;--awb-order-small:0;--awb-spacing-right-small:1.92%;--awb-spacing-left-small:1.92%;\" data-scroll-devices=\"small-visibility,medium-visibility,large-visibility\"><div class=\"fusion-column-wrapper fusion-column-has-shadow fusion-flex-justify-content-flex-start fusion-content-layout-column\"><div class=\"fusion-builder-row fusion-builder-row-inner fusion-row fusion-flex-align-items-flex-start fusion-flex-content-wrap\" style=\"width:104% !important;max-width:104% !important;margin-left: calc(-4% \/ 2 );margin-right: calc(-4% \/ 2 );\"><div class=\"fusion-layout-column fusion_builder_column_inner fusion-builder-nested-column-0 fusion_builder_column_inner_5_6 5_6 fusion-flex-column\" style=\"--awb-padding-top:20px;--awb-padding-bottom:20px;--awb-padding-left:15px;--awb-bg-color:var(--awb-color6);--awb-bg-color-hover:var(--awb-color6);--awb-bg-size:cover;--awb-width-large:83.333333333333%;--awb-margin-top-large:0px;--awb-spacing-right-large:2.304%;--awb-margin-bottom-large:0px;--awb-spacing-left-large:2.304%;--awb-width-medium:83.333333333333%;--awb-order-medium:0;--awb-spacing-right-medium:2.304%;--awb-spacing-left-medium:2.304%;--awb-width-small:100%;--awb-order-small:0;--awb-spacing-right-small:1.92%;--awb-spacing-left-small:1.92%;\" data-scroll-devices=\"small-visibility,medium-visibility,large-visibility\"><div class=\"fusion-column-wrapper fusion-column-has-shadow fusion-flex-justify-content-flex-start fusion-content-layout-column\"><div class=\"fusion-text fusion-text-5 fusion-text-no-margin\" style=\"--awb-text-color:var(--awb-color1);--awb-margin-top:20px;--awb-margin-right:10px;--awb-margin-bottom:20px;--awb-margin-left:10px;\"><p><strong>Les conseils suivants peuvent vous aider \u00e0 am\u00e9liorer vos comp\u00e9tences en mati\u00e8re d\u2019intelligence sociale\u00a0:<\/strong><\/p>\n<\/div><\/div><\/div><div class=\"fusion-layout-column fusion_builder_column_inner fusion-builder-nested-column-1 fusion_builder_column_inner_1_1 1_1 fusion-flex-column fusion-flex-align-self-stretch\" style=\"--awb-padding-top:15px;--awb-padding-right:15px;--awb-padding-bottom:15px;--awb-padding-left:15px;--awb-overflow:hidden;--awb-bg-color:var(--awb-color1);--awb-bg-color-hover:var(--awb-color1);--awb-bg-size:cover;--awb-border-color:#e0e0e0;--awb-border-top:2px;--awb-border-right:2px;--awb-border-bottom:2px;--awb-border-left:2px;--awb-border-style:solid;--awb-border-radius:0px 5px 5px 5px;--awb-width-large:100%;--awb-margin-top-large:0px;--awb-spacing-right-large:1.92%;--awb-margin-bottom-large:0px;--awb-spacing-left-large:1.92%;--awb-width-medium:100%;--awb-order-medium:0;--awb-spacing-right-medium:1.92%;--awb-spacing-left-medium:1.92%;--awb-width-small:100%;--awb-order-small:0;--awb-spacing-right-small:1.92%;--awb-spacing-left-small:1.92%;\" data-scroll-devices=\"small-visibility,medium-visibility,large-visibility\"><div class=\"fusion-column-wrapper fusion-column-has-shadow fusion-flex-justify-content-flex-start fusion-content-layout-column\"><div class=\"fusion-text fusion-text-6 awb-text-cols fusion-text-columns-2\" style=\"--awb-columns:2;--awb-column-spacing:2em;--awb-column-min-width:100px;\"><ul>\n<li>Dressez une liste de ressources en sant\u00e9 mentale (de soutien organisationnel interne et de soutien communautaire externe).<\/li>\n<li>D\u00e9terminez et essayez de comprendre comment vos r\u00e9actions influencent les autres et comment les \u00e9motions des autres vous affectent.<\/li>\n<li>Am\u00e9liorez vos comp\u00e9tences en mati\u00e8re de gestion du stress, d\u2019autor\u00e9gulation, ainsi que de gestion de la frustration et de la col\u00e8re.<\/li>\n<li>Communicate to workers your availability to talk (open door) and where they can reach out to you if they are experiencing difficulties or challenges, at work or otherwise.<\/li>\n<li>Examinez et envisagez de mettre en \u0153uvre une campagne de lutte contre la stigmatisation, comme la campagne <a href=\"https:\/\/cavapasaujourdhui.ca\/fr\/\" target=\"_blank\" rel=\"noopener\">\u00c7a va pas aujourd\u2019hui\n.<\/a><\/li>\n<li>Posez des questions pr\u00e9cises pour recueillir des id\u00e9es sur la fa\u00e7on d\u2019\u00e9tablir une excellente exp\u00e9rience d\u2019\u00e9quipe.<\/li>\n<li>Invitez votre \u00e9quipe \u00e0 trouver des solutions aux probl\u00e8mes.<\/li>\n<li>Am\u00e9liorez vos comp\u00e9tences en communication verbale et non verbale.<\/li>\n<li>Efforcez-vous de renforcer les relations avec votre \u00e9quipe, et entre ses membres.<\/li>\n<li class=\"translation-block\">Assurez une gestion favorable du rendement , ax\u00e9e sur des solutions et sur l\u2019am\u00e9lioration de la r\u00e9ussite des travailleurs.<\/li>\n<li>Aidez les travailleurs \u00e0 faire face au changement en communiquant clairement les \u00e9v\u00e9nements \u00e0 venir et en leur demandant comment vous pouvez les soutenir.<\/li>\n<li>Organisez des discussions avec votre \u00e9quipe pour recueillir des id\u00e9es sur la fa\u00e7on d\u2019engager davantage les travailleurs. Profitez-en pour donner l\u2019exemple de bonnes comp\u00e9tences interpersonnelles.<\/li>\n<li>Organisez des discussions avec votre \u00e9quipe pour aborder les difficult\u00e9s et les probl\u00e8mes. Utilisez des exemples sur les \u00e9quipes internes et avec les clients.<\/li>\n<\/ul>\n<\/div><\/div><\/div><\/div><\/div><\/div><\/div><\/div><\/p>","protected":false},"excerpt":{"rendered":"","protected":false},"author":2,"featured_media":371,"comment_status":"open","ping_status":"open","sticky":false,"template":"","format":"standard","meta":{"footnotes":""},"categories":[9],"tags":[],"class_list":["post-253","post","type-post","status-publish","format-standard","has-post-thumbnail","hentry","category-psychologically-safe-leadership"],"_links":{"self":[{"href":"https:\/\/worksafe.rgdev.ca\/fr\/wp-json\/wp\/v2\/posts\/253","targetHints":{"allow":["GET"]}}],"collection":[{"href":"https:\/\/worksafe.rgdev.ca\/fr\/wp-json\/wp\/v2\/posts"}],"about":[{"href":"https:\/\/worksafe.rgdev.ca\/fr\/wp-json\/wp\/v2\/types\/post"}],"author":[{"embeddable":true,"href":"https:\/\/worksafe.rgdev.ca\/fr\/wp-json\/wp\/v2\/users\/2"}],"replies":[{"embeddable":true,"href":"https:\/\/worksafe.rgdev.ca\/fr\/wp-json\/wp\/v2\/comments?post=253"}],"version-history":[{"count":8,"href":"https:\/\/worksafe.rgdev.ca\/fr\/wp-json\/wp\/v2\/posts\/253\/revisions"}],"predecessor-version":[{"id":680,"href":"https:\/\/worksafe.rgdev.ca\/fr\/wp-json\/wp\/v2\/posts\/253\/revisions\/680"}],"wp:featuredmedia":[{"embeddable":true,"href":"https:\/\/worksafe.rgdev.ca\/fr\/wp-json\/wp\/v2\/media\/371"}],"wp:attachment":[{"href":"https:\/\/worksafe.rgdev.ca\/fr\/wp-json\/wp\/v2\/media?parent=253"}],"wp:term":[{"taxonomy":"category","embeddable":true,"href":"https:\/\/worksafe.rgdev.ca\/fr\/wp-json\/wp\/v2\/categories?post=253"},{"taxonomy":"post_tag","embeddable":true,"href":"https:\/\/worksafe.rgdev.ca\/fr\/wp-json\/wp\/v2\/tags?post=253"}],"curies":[{"name":"wp","href":"https:\/\/api.w.org\/{rel}","templated":true}]}}